{"id":117,"date":"2011-05-23T21:56:02","date_gmt":"2011-05-23T19:56:02","guid":{"rendered":"https:\/\/www.betriebundgewerkschaft-bw.de\/?p=117"},"modified":"2011-08-15T10:36:50","modified_gmt":"2011-08-15T08:36:50","slug":"nachgekartelt-wie-die-ig-metall-bei-der-landtagswahl-von-nils-schmid-und-der-spd-vergackeiert-wurde","status":"publish","type":"post","link":"https:\/\/www.betriebundgewerkschaft-bw.de\/?p=117","title":{"rendered":"Nachgekartelt:  Wie die IG Metall bei der Landtagswahl von Nils Schmid und der SPD vergackeiert wurde"},"content":{"rendered":"<p><a href=\"https:\/\/www.betriebundgewerkschaft-bw.de\/wp-content\/uploads\/2011\/05\/StZ_IGM-HN-Luz_ist_Schattenwirtschaftsminister.pdf\">&#8222;SPD im Schulterschluss mit der IG Metall&#8220;, so lauteten die \u00dcberschriften in der Presse im L\u00e4ndle. Allerdings: Vor der Wahl!<\/a><\/p>\n<p>Huber, Hofmann, Klemm und Hueck bejubelten die Absicht von Nils Schmid, den Kollegen Luz (1. Bevollm\u00e4chtigter Neckarsulm) bei Wahlerfolg zum Minister zu machen.<!--more--><\/p>\n<p>. . . Und diesen Text gab Bezirksleiter J\u00f6rg Hofmann nach der Wahl der Stuttgarter Zeitung vom 9. April:<\/p>\n<p><em>Personell erwartet die IG Metall, in der Regierung vertreten zu sein. SPD-Spitzenkandidat Nils Schmid hatte Rudolf Luz, den Gesch\u00e4ftsf\u00fchrer der IG Metall Heilbronn-Neckarsulm, im Februar als einen Eckpfeiler seines Schattenkabinetts f\u00fcr Arbeit und Industriepolitik pr\u00e4sentiert. Hofmann mahnte die SPD, daraus &#8222;Konsequenzen in Hinsicht auf das k\u00fcnftige Personalportfolio&#8220; zu ziehen. Andernfalls w\u00e4re die Berufung von Rudolf Luz eine &#8222;Schaunummer&#8220; gewesen, um die Stimmen der Gewerkschaften einzufangen.<\/em><\/p>\n<p>Seltsam! Alle Metaller kannten doch die Aussage von Mister &#8222;Rente mit 67&#8220;, Franz M\u00fcntefering:. Er sagte \u00fcber das Spannungsfeld &#8211; vor der Wahl \/ nach der Wahl &#8211; dereinst: &#8222;Es ist unfair, Politiker an ihren Wahlaussagen zu messen.&#8220;<\/p>\n<p>Tja, so ist das, liebe IG Metall Spitzenkollegen: Nils Schmid und die SPD hat Euch vergackeiert! Sie haben nie im Traum daran gedacht, einen Metaller zum Minister zu machen! Ich k\u00f6nnte ja richtig sauer sein, es w\u00fcrde mir aber f\u00fcr die Zukunft reichen, wenn Ihr was draus lernen w\u00fcrdet!<\/p>\n<p><em>Stefan Dreher (Landessprecher der AG Betrieb &amp; Gewerkschaft in der Partei DIE LINKE)<\/em><\/p>\n<div class=\"pdfprnt-buttons pdfprnt-buttons-post pdfprnt-bottom-right\"><a href=\"https:\/\/www.betriebundgewerkschaft-bw.de\/index.php?rest_route=wpv2posts117&print=pdf\" class=\"pdfprnt-button pdfprnt-button-pdf\" target=\"_blank\"><img src=\"https:\/\/www.betriebundgewerkschaft-bw.de\/wp-content\/plugins\/pdf-print\/images\/pdf.png\" alt=\"image_pdf\" title=\"PDF anzeigen\" \/><\/a><a href=\"https:\/\/www.betriebundgewerkschaft-bw.de\/index.php?rest_route=wpv2posts117&print=print\" class=\"pdfprnt-button pdfprnt-button-print\" target=\"_blank\"><img src=\"https:\/\/www.betriebundgewerkschaft-bw.de\/wp-content\/plugins\/pdf-print\/images\/print.png\" alt=\"image_print\" title=\"Inhalt drucken\" \/><\/a><\/div>","protected":false},"excerpt":{"rendered":"<p>&#8222;SPD im Schulterschluss mit der IG Metall&#8220;, so lauteten die \u00dcberschriften in der Presse im L\u00e4ndle. Allerdings: Vor der Wahl! Huber, Hofmann, Klemm und Hueck bejubelten die Absicht von Nils Schmid, den Kollegen Luz (1. Bevollm\u00e4chtigter Neckarsulm) bei Wahlerfolg zum Minister zu machen.<\/p>\n","protected":false},"author":1,"featured_media":0,"comment_status":"open","ping_status":"open","sticky":false,"template":"","format":"standard","meta":[],"categories":[1],"tags":[],"_links":{"self":[{"href":"https:\/\/www.betriebundgewerkschaft-bw.de\/index.php?rest_route=\/wp\/v2\/posts\/117"}],"collection":[{"href":"https:\/\/www.betriebundgewerkschaft-bw.de\/index.php?rest_route=\/wp\/v2\/posts"}],"about":[{"href":"https:\/\/www.betriebundgewerkschaft-bw.de\/index.php?rest_route=\/wp\/v2\/types\/post"}],"author":[{"embeddable":true,"href":"https:\/\/www.betriebundgewerkschaft-bw.de\/index.php?rest_route=\/wp\/v2\/users\/1"}],"replies":[{"embeddable":true,"href":"https:\/\/www.betriebundgewerkschaft-bw.de\/index.php?rest_route=%2Fwp%2Fv2%2Fcomments&post=117"}],"version-history":[{"count":7,"href":"https:\/\/www.betriebundgewerkschaft-bw.de\/index.php?rest_route=\/wp\/v2\/posts\/117\/revisions"}],"predecessor-version":[{"id":119,"href":"https:\/\/www.betriebundgewerkschaft-bw.de\/index.php?rest_route=\/wp\/v2\/posts\/117\/revisions\/119"}],"wp:attachment":[{"href":"https:\/\/www.betriebundgewerkschaft-bw.de\/index.php?rest_route=%2Fwp%2Fv2%2Fmedia&parent=117"}],"wp:term":[{"taxonomy":"category","embeddable":true,"href":"https:\/\/www.betriebundgewerkschaft-bw.de\/index.php?rest_route=%2Fwp%2Fv2%2Fcategories&post=117"},{"taxonomy":"post_tag","embeddable":true,"href":"https:\/\/www.betriebundgewerkschaft-bw.de\/index.php?rest_route=%2Fwp%2Fv2%2Ftags&post=117"}],"curies":[{"name":"wp","href":"https:\/\/api.w.org\/{rel}","templated":true}]}}